{"id":7030,"date":"2015-08-05T03:45:16","date_gmt":"2015-08-04T15:45:16","guid":{"rendered":"https:\/\/spence-chapin.org\/blog-news_and_events-global-family-day-2015\/"},"modified":"2020-01-08T04:21:34","modified_gmt":"2020-01-07T16:21:34","slug":"dia-mundial-de-la-familia-2015","status":"publish","type":"post","link":"https:\/\/spencestaging.berrycreativellc.com\/es\/global-family-day-2015\/","title":{"rendered":"D\u00eda Mundial de la Familia: \u00a1Diversi\u00f3n para todos!"},"content":{"rendered":"<p><strong>\u00a1\u00a1GRACIAS!!<\/strong><\/p>\n<p>\u00a1Gracias por acompa\u00f1arnos el s\u00e1bado en el picnic del D\u00eda Mundial de la Familia! Casi 200 miembros de la familia Spence-Chapin se reunieron en Central Park (a pesar de los 90 grados de calor) para divertirse, comer y pasar tiempo con amigos. \u00a1Gracias por hacer de este picnic un \u00e9xito!<\/p>\n<p>H\u00e1ganos saber lo que pens\u00f3 sobre el evento completando una breve encuesta. <strong><a href=\"https:\/\/www.surveymonkey.com\/r\/ST2WTQG\" target=\"_blank\" rel=\"noopener noreferrer\">aqu\u00ed<\/a><\/strong>.<\/p>\n<p>Visita nuestro <strong><a href=\"https:\/\/spencestaging.berrycreativellc.com\/es\/eventos-2\/\" target=\"_blank\" rel=\"noopener noreferrer\">sitio web<\/a><\/strong> para conocer los pr\u00f3ximos eventos y programas de Spence-Chapin.<\/p>\n<p>Por favor <strong><a href=\"https:\/\/secure.acceptiva.com\/?cst=f001e6\" target=\"_blank\" rel=\"noopener noreferrer\">donar<\/a><\/strong> \u00a1Para apoyar la misi\u00f3n de Spence-Chapin!<\/p>","protected":false},"excerpt":{"rendered":"<p>THANK YOU!! Thank you for joining us&nbsp;on Saturday&nbsp;for the Global Family Day Picnic!&nbsp; Nearly 200 members of the Spence-Chapin family came together in Central Park (despite the 90 degree heat) for fun, food, and time together with friends.&nbsp; Thanks for making this picnic a success! Please let us know what you thought about the event [&hellip;]<\/p>\n","protected":false},"author":3,"featured_media":3884,"comment_status":"closed","ping_status":"open","sticky":false,"template":"","format":"standard","meta":{"_acf_changed":false,"give_campaign_id":0,"footnotes":""},"categories":[41,1043,1094,1037,1085,1116,1023,42,1038,1052,56,1117,1106,1067,1035,1025],"tags":[3739,35,65,4011,74,97,152,3628,140,54,38],"class_list":["post-7030","post","type-post","status-publish","format-standard","has-post-thumbnail","hentry","category-adoptee","category-adoption","category-adoption-agency","category-adoption-news","category-adoptive-parents","category-birth-mother","category-child-adoption","category-domestic-adoption","category-events","category-family","category-international-adoption","category-orphanage","category-special-needs-adoption","category-spence-chapin","category-spence-chapin-adoption","category-spence-chapin-services","tag-adopt","tag-adoptee","tag-adoption","tag-community-programs","tag-family","tag-international-adoption","tag-orphanage","tag-special-need-adoption","tag-special-needs-adoption","tag-spence-chapin-adoption","tag-spence-chapin-services"],"acf":[],"yoast_head":"<!-- This site is optimized with the Yoast SEO plugin v27.4 - https:\/\/yoast.com\/product\/yoast-seo-wordpress\/ -->\n<title>Global Family Day - Fun had by all! - Spence-Chapin<\/title>\n<meta name=\"robots\" content=\"index, follow, max-snippet:-1, max-image-preview:large, max-video-preview:-1\" \/>\n<link rel=\"canonical\" href=\"https:\/\/spencestaging.berrycreativellc.com\/es\/dia-mundial-de-la-familia-2015\/\" \/>\n<meta property=\"og:locale\" content=\"es_MX\" \/>\n<meta property=\"og:type\" content=\"article\" \/>\n<meta property=\"og:title\" content=\"Global Family Day - Fun had by all! - Spence-Chapin\" \/>\n<meta property=\"og:description\" content=\"THANK YOU!! Thank you for joining us&nbsp;on Saturday&nbsp;for the Global Family Day Picnic!&nbsp; Nearly 200 members of the Spence-Chapin family came together in Central Park (despite the 90 degree heat) for fun, food, and time together with friends.&nbsp; Thanks for making this picnic a success! Please let us know what you thought about the event [&hellip;]\" \/>\n<meta property=\"og:url\" content=\"https:\/\/spencestaging.berrycreativellc.com\/es\/dia-mundial-de-la-familia-2015\/\" \/>\n<meta property=\"og:site_name\" content=\"Spence-Chapin\" \/>\n<meta property=\"article:published_time\" content=\"2015-08-04T15:45:16+00:00\" \/>\n<meta property=\"article:modified_time\" content=\"2020-01-07T16:21:34+00:00\" \/>\n<meta property=\"og:image\" content=\"https:\/\/spencestaging.berrycreativellc.com\/wp-content\/uploads\/2019\/10\/IMG_5285.jpg\" \/>\n\t<meta property=\"og:image:width\" content=\"1024\" \/>\n\t<meta property=\"og:image:height\" content=\"682\" \/>\n\t<meta property=\"og:image:type\" content=\"image\/jpeg\" \/>\n<meta name=\"author\" content=\"Spence-Chapin Contributor\" \/>\n<meta name=\"twitter:card\" content=\"summary_large_image\" \/>\n<meta name=\"twitter:label1\" content=\"Escrito por\" \/>\n\t<meta name=\"twitter:data1\" content=\"Spence-Chapin Contributor\" \/>\n<!-- \/ Yoast SEO plugin. -->","yoast_head_json":{"title":"D\u00eda Mundial de la Familia: \u00a1Diversi\u00f3n para todos! - Spence-Chapin","robots":{"index":"index","follow":"follow","max-snippet":"max-snippet:-1","max-image-preview":"max-image-preview:large","max-video-preview":"max-video-preview:-1"},"canonical":"https:\/\/spencestaging.berrycreativellc.com\/es\/dia-mundial-de-la-familia-2015\/","og_locale":"es_MX","og_type":"article","og_title":"Global Family Day - Fun had by all! - Spence-Chapin","og_description":"THANK YOU!! Thank you for joining us&nbsp;on Saturday&nbsp;for the Global Family Day Picnic!&nbsp; Nearly 200 members of the Spence-Chapin family came together in Central Park (despite the 90 degree heat) for fun, food, and time together with friends.&nbsp; Thanks for making this picnic a success! Please let us know what you thought about the event [&hellip;]","og_url":"https:\/\/spencestaging.berrycreativellc.com\/es\/dia-mundial-de-la-familia-2015\/","og_site_name":"Spence-Chapin","article_published_time":"2015-08-04T15:45:16+00:00","article_modified_time":"2020-01-07T16:21:34+00:00","og_image":[{"width":1024,"height":682,"url":"https:\/\/spencestaging.berrycreativellc.com\/wp-content\/uploads\/2019\/10\/IMG_5285.jpg","type":"image\/jpeg"}],"author":"Spence-Chapin Contributor","twitter_card":"summary_large_image","twitter_misc":{"Escrito por":"Spence-Chapin Contributor"},"schema":{"@context":"https:\/\/schema.org","@graph":[{"@type":"Article","@id":"https:\/\/spencestaging.berrycreativellc.com\/global-family-day-2015\/#article","isPartOf":{"@id":"https:\/\/spencestaging.berrycreativellc.com\/global-family-day-2015\/"},"author":{"name":"Spence-Chapin Contributor","@id":"https:\/\/spencestaging.berrycreativellc.com\/#\/schema\/person\/ccc655c14077f124a0a345b38d348019"},"headline":"Global Family Day &#8211; Fun had by all!","datePublished":"2015-08-04T15:45:16+00:00","dateModified":"2020-01-07T16:21:34+00:00","mainEntityOfPage":{"@id":"https:\/\/spencestaging.berrycreativellc.com\/global-family-day-2015\/"},"wordCount":91,"publisher":{"@id":"https:\/\/spencestaging.berrycreativellc.com\/#organization"},"image":{"@id":"https:\/\/spencestaging.berrycreativellc.com\/global-family-day-2015\/#primaryimage"},"thumbnailUrl":"https:\/\/spencestaging.berrycreativellc.com\/wp-content\/uploads\/2019\/10\/IMG_5285.jpg","keywords":["adopt","adoptee","Adoption","community programs","family","International Adoption","Orphanage","special need adoption","Special Needs Adoption","Spence-Chapin adoption","Spence-Chapin Services"],"articleSection":["Adoptee","Adoption","adoption agency","Adoption News","adoptive parents","Birth mother","child adoption","Domestic Adoption","Events ...","family","International Adoption","Orphanage","Special Needs Adoption","Spence-Chapin","Spence-Chapin adoption","Spence-Chapin Services"],"inLanguage":"es"},{"@type":"WebPage","@id":"https:\/\/spencestaging.berrycreativellc.com\/global-family-day-2015\/","url":"https:\/\/spencestaging.berrycreativellc.com\/global-family-day-2015\/","name":"D\u00eda Mundial de la Familia: \u00a1Diversi\u00f3n para todos! - Spence-Chapin","isPartOf":{"@id":"https:\/\/spencestaging.berrycreativellc.com\/#website"},"primaryImageOfPage":{"@id":"https:\/\/spencestaging.berrycreativellc.com\/global-family-day-2015\/#primaryimage"},"image":{"@id":"https:\/\/spencestaging.berrycreativellc.com\/global-family-day-2015\/#primaryimage"},"thumbnailUrl":"https:\/\/spencestaging.berrycreativellc.com\/wp-content\/uploads\/2019\/10\/IMG_5285.jpg","datePublished":"2015-08-04T15:45:16+00:00","dateModified":"2020-01-07T16:21:34+00:00","breadcrumb":{"@id":"https:\/\/spencestaging.berrycreativellc.com\/global-family-day-2015\/#breadcrumb"},"inLanguage":"es","potentialAction":[{"@type":"ReadAction","target":["https:\/\/spencestaging.berrycreativellc.com\/global-family-day-2015\/"]}]},{"@type":"ImageObject","inLanguage":"es","@id":"https:\/\/spencestaging.berrycreativellc.com\/global-family-day-2015\/#primaryimage","url":"https:\/\/spencestaging.berrycreativellc.com\/wp-content\/uploads\/2019\/10\/IMG_5285.jpg","contentUrl":"https:\/\/spencestaging.berrycreativellc.com\/wp-content\/uploads\/2019\/10\/IMG_5285.jpg","width":1024,"height":682,"caption":"IMG 5285"},{"@type":"BreadcrumbList","@id":"https:\/\/spencestaging.berrycreativellc.com\/global-family-day-2015\/#breadcrumb","itemListElement":[{"@type":"ListItem","position":1,"name":"Home","item":"https:\/\/spencestaging.berrycreativellc.com\/"},{"@type":"ListItem","position":2,"name":"Global Family Day &#8211; Fun had by all!"}]},{"@type":"WebSite","@id":"https:\/\/spencestaging.berrycreativellc.com\/#website","url":"https:\/\/spencestaging.berrycreativellc.com\/","name":"Spence-Chapin","description":"Servicios para familias y ni\u00f1os","publisher":{"@id":"https:\/\/spencestaging.berrycreativellc.com\/#organization"},"potentialAction":[{"@type":"SearchAction","target":{"@type":"EntryPoint","urlTemplate":"https:\/\/spencestaging.berrycreativellc.com\/?s={search_term_string}"},"query-input":{"@type":"PropertyValueSpecification","valueRequired":true,"valueName":"search_term_string"}}],"inLanguage":"es"},{"@type":"Organization","@id":"https:\/\/spencestaging.berrycreativellc.com\/#organization","name":"Spence-Chapin","url":"https:\/\/spencestaging.berrycreativellc.com\/","logo":{"@type":"ImageObject","inLanguage":"es","@id":"https:\/\/spencestaging.berrycreativellc.com\/#\/schema\/logo\/image\/","url":"https:\/\/spencestaging.berrycreativellc.com\/wp-content\/uploads\/2019\/10\/SC_logo_2019_color-2.png","contentUrl":"https:\/\/spencestaging.berrycreativellc.com\/wp-content\/uploads\/2019\/10\/SC_logo_2019_color-2.png","width":273,"height":42,"caption":"Spence-Chapin"},"image":{"@id":"https:\/\/spencestaging.berrycreativellc.com\/#\/schema\/logo\/image\/"}},{"@type":"Person","@id":"https:\/\/spencestaging.berrycreativellc.com\/#\/schema\/person\/ccc655c14077f124a0a345b38d348019","name":"Spence-Chapin Contributor","image":{"@type":"ImageObject","inLanguage":"es","@id":"https:\/\/secure.gravatar.com\/avatar\/a5eb212b58b1f36abe8233bfa5408ed465949fa04ed959684e67152261f309d7?s=96&d=mm&r=g","url":"https:\/\/secure.gravatar.com\/avatar\/a5eb212b58b1f36abe8233bfa5408ed465949fa04ed959684e67152261f309d7?s=96&d=mm&r=g","contentUrl":"https:\/\/secure.gravatar.com\/avatar\/a5eb212b58b1f36abe8233bfa5408ed465949fa04ed959684e67152261f309d7?s=96&d=mm&r=g","caption":"Spence-Chapin Contributor"},"url":"https:\/\/spencestaging.berrycreativellc.com\/es\/author\/spencechapincontributor\/"}]}},"_links":{"self":[{"href":"https:\/\/spencestaging.berrycreativellc.com\/es\/wp-json\/wp\/v2\/posts\/7030","targetHints":{"allow":["GET"]}}],"collection":[{"href":"https:\/\/spencestaging.berrycreativellc.com\/es\/wp-json\/wp\/v2\/posts"}],"about":[{"href":"https:\/\/spencestaging.berrycreativellc.com\/es\/wp-json\/wp\/v2\/types\/post"}],"author":[{"embeddable":true,"href":"https:\/\/spencestaging.berrycreativellc.com\/es\/wp-json\/wp\/v2\/users\/3"}],"replies":[{"embeddable":true,"href":"https:\/\/spencestaging.berrycreativellc.com\/es\/wp-json\/wp\/v2\/comments?post=7030"}],"version-history":[{"count":0,"href":"https:\/\/spencestaging.berrycreativellc.com\/es\/wp-json\/wp\/v2\/posts\/7030\/revisions"}],"wp:featuredmedia":[{"embeddable":true,"href":"https:\/\/spencestaging.berrycreativellc.com\/es\/wp-json\/wp\/v2\/media\/3884"}],"wp:attachment":[{"href":"https:\/\/spencestaging.berrycreativellc.com\/es\/wp-json\/wp\/v2\/media?parent=7030"}],"wp:term":[{"taxonomy":"category","embeddable":true,"href":"https:\/\/spencestaging.berrycreativellc.com\/es\/wp-json\/wp\/v2\/categories?post=7030"},{"taxonomy":"post_tag","embeddable":true,"href":"https:\/\/spencestaging.berrycreativellc.com\/es\/wp-json\/wp\/v2\/tags?post=7030"}],"curies":[{"name":"wp","href":"https:\/\/api.w.org\/{rel}","templated":true}]}}